{"id":4410,"date":"2025-06-09T15:53:55","date_gmt":"2025-06-09T07:53:55","guid":{"rendered":"https:\/\/shuliyrecycling.com\/?p=4410"},"modified":"2025-06-09T15:53:57","modified_gmt":"2025-06-09T07:53:57","slug":"waste-cloth-cutting-machine","status":"publish","type":"post","link":"https:\/\/shuliyrecycling.com\/es\/waste-cloth-cutting-machine\/","title":{"rendered":"m\u00e1quina de corte de tela usada para reciclaje de fibra"},"content":{"rendered":"<p>La m\u00e1quina de corte de telas desechadas es una herramienta industrial que desmenuza los desechos de tela en segmentos de fibra cortos y uniformes (5\u2013300 mm). Sirve como un primer paso crucial en el reciclaje de telas, mejorando la eficiencia y haciendo que los materiales sean adecuados para un procesamiento posterior. Tambi\u00e9n conocida como m\u00e1quina de corte de fibra o cortadora textil, puede manejar una amplia variedad de telas suaves, flexibles y mixtas.<\/p>   <div class=\"wp-block-image\"> <figure class=\"aligncenter size-large\"><img loading=\"lazy\" decoding=\"async\" width=\"540\" height=\"540\" src=\"https:\/\/shuliyrecycling.com\/wp-content\/uploads\/2025\/06\/textile-fiber-cutting-machine-540x540.webp\" alt=\"m\u00e1quina de corte de fibra textil\" class=\"wp-image-4423\" srcset=\"https:\/\/shuliyrecycling.com\/wp-content\/uploads\/2025\/06\/textile-fiber-cutting-machine-540x540.webp 540w, https:\/\/shuliyrecycling.com\/wp-content\/uploads\/2025\/06\/textile-fiber-cutting-machine-360x360.webp 360w, https:\/\/shuliyrecycling.com\/wp-content\/uploads\/2025\/06\/textile-fiber-cutting-machine-12x12.webp 12w, https:\/\/shuliyrecycling.com\/wp-content\/uploads\/2025\/06\/textile-fiber-cutting-machine.webp 750w\" sizes=\"auto, (max-width: 540px) 100vw, 540px\" \/><figcaption class=\"wp-element-caption\">m\u00e1quina de corte de fibra textil<\/figcaption><\/figure> <\/div>   <h2 class=\"wp-block-heading\">\u00bfQu\u00e9 materias primas se pueden procesar?<\/h2>    <p>La m\u00e1quina admite una amplia gama de tipos de tela, incluyendo:<\/p>    <ul class=\"wp-block-list\"> <li>Trapos de algod\u00f3n y desechos de hilo<\/li>    <li>Desechos de poli\u00e9ster y nailon<\/li>    <li>Tela de mezclilla y jeans<\/li>    <li>Tela de fibra mezclada<\/li>    <li>Recortes de tela de f\u00e1bricas de prendas<\/li>    <li>Rollos y bolsas de no tejido<\/li> <\/ul>    <figure class=\"wp-block-gallery has-nested-images columns-default is-cropped wp-block-gallery-2 is-layout-flex wp-block-gallery-is-layout-flex\"> <figure class=\"wp-block-image size-large\"><img loading=\"lazy\" decoding=\"async\" width=\"720\" height=\"540\" data-id=\"4421\" src=\"https:\/\/shuliyrecycling.com\/wp-content\/uploads\/2025\/06\/polyester-fiber.webp\" alt=\"fibra de poli\u00e9ster\" class=\"wp-image-4421\" srcset=\"https:\/\/shuliyrecycling.com\/wp-content\/uploads\/2025\/06\/polyester-fiber.webp 720w, https:\/\/shuliyrecycling.com\/wp-content\/uploads\/2025\/06\/polyester-fiber-480x360.webp 480w, https:\/\/shuliyrecycling.com\/wp-content\/uploads\/2025\/06\/polyester-fiber-150x113.webp 150w, https:\/\/shuliyrecycling.com\/wp-content\/uploads\/2025\/06\/polyester-fiber-16x12.webp 16w\" sizes=\"auto, (max-width: 720px) 100vw, 720px\" \/><figcaption class=\"wp-element-caption\">fibra de poli\u00e9ster<\/figcaption><\/figure>    <figure class=\"wp-block-image size-large\"><img loading=\"lazy\" decoding=\"async\" width=\"594\" height=\"540\" data-id=\"4426\" src=\"https:\/\/shuliyrecycling.com\/wp-content\/uploads\/2025\/06\/waste-clothes-594x540.webp\" alt=\"ropa desechada\" class=\"wp-image-4426\" srcset=\"https:\/\/shuliyrecycling.com\/wp-content\/uploads\/2025\/06\/waste-clothes-594x540.webp 594w, https:\/\/shuliyrecycling.com\/wp-content\/uploads\/2025\/06\/waste-clothes-396x360.webp 396w, https:\/\/shuliyrecycling.com\/wp-content\/uploads\/2025\/06\/waste-clothes-13x12.webp 13w, https:\/\/shuliyrecycling.com\/wp-content\/uploads\/2025\/06\/waste-clothes.webp 721w\" sizes=\"auto, (max-width: 594px) 100vw, 594px\" \/><figcaption class=\"wp-element-caption\">ropa desechada<\/figcaption><\/figure>    <figure class=\"wp-block-image size-large\"><img loading=\"lazy\" decoding=\"async\" width=\"720\" height=\"540\" data-id=\"4415\" src=\"https:\/\/shuliyrecycling.com\/wp-content\/uploads\/2025\/06\/cotton-waste.webp\" alt=\"residuos de algod\u00f3n\" class=\"wp-image-4415\" srcset=\"https:\/\/shuliyrecycling.com\/wp-content\/uploads\/2025\/06\/cotton-waste.webp 720w, https:\/\/shuliyrecycling.com\/wp-content\/uploads\/2025\/06\/cotton-waste-480x360.webp 480w, https:\/\/shuliyrecycling.com\/wp-content\/uploads\/2025\/06\/cotton-waste-150x113.webp 150w, https:\/\/shuliyrecycling.com\/wp-content\/uploads\/2025\/06\/cotton-waste-16x12.webp 16w\" sizes=\"auto, (max-width: 720px) 100vw, 720px\" \/><figcaption class=\"wp-element-caption\">residuos de algod\u00f3n<\/figcaption><\/figure> <\/figure>    <h2 class=\"wp-block-heading\">Productos finales y aplicaciones<\/h2>    <p>Despu\u00e9s de cortar, la salida de fibra corta se puede utilizar para:<\/p>    <ul class=\"wp-block-list\"> <li>Relleno (almohadas, cojines, juguetes, sof\u00e1s)<\/li>    <li>Pelletizado y granulaci\u00f3n de fibra<\/li>    <li>Materiales de aislamiento ac\u00fastico\/t\u00e9rmico<\/li>    <li>Refuerzo en productos de pl\u00e1stico o goma<\/li>    <li>Materias primas para el hilado de hilo reciclado<\/li> <\/ul>    <figure class=\"wp-block-gallery has-nested-images columns-default is-cropped wp-block-gallery-3 is-layout-flex wp-block-gallery-is-layout-flex\"> <figure class=\"wp-block-image size-large\"><img loading=\"lazy\" decoding=\"async\" width=\"720\" height=\"540\" data-id=\"4416\" src=\"https:\/\/shuliyrecycling.com\/wp-content\/uploads\/2025\/06\/cut-colth-blocks.webp\" alt=\"bloques de tela cortados\" class=\"wp-image-4416\" srcset=\"https:\/\/shuliyrecycling.com\/wp-content\/uploads\/2025\/06\/cut-colth-blocks.webp 720w, https:\/\/shuliyrecycling.com\/wp-content\/uploads\/2025\/06\/cut-colth-blocks-480x360.webp 480w, https:\/\/shuliyrecycling.com\/wp-content\/uploads\/2025\/06\/cut-colth-blocks-150x113.webp 150w, https:\/\/shuliyrecycling.com\/wp-content\/uploads\/2025\/06\/cut-colth-blocks-16x12.webp 16w\" sizes=\"auto, (max-width: 720px) 100vw, 720px\" \/><figcaption class=\"wp-element-caption\">bloques de tela cortados<\/figcaption><\/figure>    <figure class=\"wp-block-image size-large\"><img loading=\"lazy\" decoding=\"async\" width=\"720\" height=\"540\" data-id=\"4417\" src=\"https:\/\/shuliyrecycling.com\/wp-content\/uploads\/2025\/06\/end-products-of-the-waste-cloth-cutting-machine.webp\" alt=\"productos finales de la m\u00e1quina de corte de tela de desecho\" class=\"wp-image-4417\" srcset=\"https:\/\/shuliyrecycling.com\/wp-content\/uploads\/2025\/06\/end-products-of-the-waste-cloth-cutting-machine.webp 720w, https:\/\/shuliyrecycling.com\/wp-content\/uploads\/2025\/06\/end-products-of-the-waste-cloth-cutting-machine-480x360.webp 480w, https:\/\/shuliyrecycling.com\/wp-content\/uploads\/2025\/06\/end-products-of-the-waste-cloth-cutting-machine-150x113.webp 150w, https:\/\/shuliyrecycling.com\/wp-content\/uploads\/2025\/06\/end-products-of-the-waste-cloth-cutting-machine-16x12.webp 16w\" sizes=\"auto, (max-width: 720px) 100vw, 720px\" \/><figcaption class=\"wp-element-caption\">productos finales de la m\u00e1quina de corte de tela de desecho<\/figcaption><\/figure> <\/figure>    <h2 class=\"wp-block-heading\">Ventajas de la m\u00e1quina cortadora de tela de desecho de Shuliy<\/h2>    <p class=\"translation-block\">\u2705 <strong>Alto rendimiento<\/strong>: procesa hasta 5000 kg\/h, dependiendo del material y de los tama\u00f1os de cortador de textiles.<br>\u2705 <strong>Tama\u00f1os de corte personalizados<\/strong>: longitud de salida ajustable para satisfacer diversas necesidades (5-300 mm)<br>\u2705 <strong>Estructura duradera<\/strong>: bastidor de acero pesado y hojas resistentes al desgaste<br>\u2705 <strong>F\u00e1cil de usar<\/strong>: cambio de cuchilla sencillo, mantenimiento simple<br>\u2705 <strong>Disposici\u00f3n compacta<\/strong>: apta tanto para grandes plantas como para peque\u00f1os talleres<br>\u2705 <strong>Eficiencia energ\u00e9tica<\/strong>: consumo de energ\u00eda optimizado para un bajo coste operativo<\/p>    <h2 class=\"wp-block-heading\">\u00bfC\u00f3mo funciona la m\u00e1quina de corte de fibra textil?<\/h2>    <p>La m\u00e1quina utiliza cuchillas en espiral rotativas y una placa de corte estacionaria para cortar los desechos textiles entrantes en segmentos de fibra corta. Cuenta con una c\u00e1mara de corte cerrada con alimentaci\u00f3n continua y descarga autom\u00e1tica.<\/p>    <p>Descripci\u00f3n t\u00e9cnica:<\/p>    <ul class=\"wp-block-list\"> <li>Mecanismo de corte: Cortador rotativo en espiral<\/li>    <li>M\u00e9todo de alimentaci\u00f3n: Manual o cinta transportadora opcional<\/li>    <li>Material de la cuchilla: Acero aleado endurecido<\/li>    <li>Tama\u00f1o de corte: Ajustable entre 5-300 mm<\/li>    <li>Protecci\u00f3n del motor: Protecci\u00f3n contra sobrecargas y sobrecalentamiento incluida<\/li> <\/ul>    <p>Este dise\u00f1o minimiza el enredo de fibras y asegura un funcionamiento suave y sin obstrucciones, incluso al procesar telas suaves, esponjosas o de alta resiliencia.<\/p>    <h2 class=\"wp-block-heading\">Datos t\u00e9cnicos de la m\u00e1quina de corte de desecho de algod\u00f3n<\/h2>    <p>Aqu\u00ed hay algunos par\u00e1metros de las m\u00e1quinas de corte de tela desechada m\u00e1s vendidas. Si tienes otras necesidades, podemos proporcionarte cortadoras personalizadas.<\/p>    <figure class=\"wp-block-table\"><table class=\"has-fixed-layout\"><tbody><tr><td>Modelo<\/td><td>500 B<\/td><td>800 C<\/td><td>1200 B<\/td><td>1600 B<\/td><td>2400 B<\/td><\/tr><tr><td>Potencia (kilovatios)<\/td><td>5.5+1.5<\/td><td>7.5+1.5<\/td><td>1.5+2.2<\/td><td>18.5+3.0<\/td><td>22+3.0<\/td><\/tr><tr><td>Capacidad (kg\/h)<\/td><td>300-500<\/td><td>500-800<\/td><td>800-1200<\/td><td>1000-3000<\/td><td>2000-5000<\/td><\/tr><tr><td>Tama\u00f1o de corte (mm)<\/td><td>5-150<\/td><td>5-150<\/td><td>5-150<\/td><td>5-300<\/td><td>10-300<\/td><\/tr><tr><td>Grosor de corte (mm)<\/td><td>20<\/td><td>30-50<\/td><td>30-80<\/td><td>30-150<\/td><td>30-200<\/td><\/tr><\/tbody><\/table><\/figure>    <figure class=\"wp-block-gallery has-nested-images columns-default is-cropped wp-block-gallery-4 is-layout-flex wp-block-gallery-is-layout-flex\"> <figure class=\"wp-block-image size-large\"><img loading=\"lazy\" decoding=\"async\" width=\"720\" height=\"540\" data-id=\"4420\" src=\"https:\/\/shuliyrecycling.com\/wp-content\/uploads\/2025\/06\/fiber-cutting-machine.webp\" alt=\"m\u00e1quina de corte de fibra\" class=\"wp-image-4420\" srcset=\"https:\/\/shuliyrecycling.com\/wp-content\/uploads\/2025\/06\/fiber-cutting-machine.webp 720w, https:\/\/shuliyrecycling.com\/wp-content\/uploads\/2025\/06\/fiber-cutting-machine-480x360.webp 480w, https:\/\/shuliyrecycling.com\/wp-content\/uploads\/2025\/06\/fiber-cutting-machine-150x113.webp 150w, https:\/\/shuliyrecycling.com\/wp-content\/uploads\/2025\/06\/fiber-cutting-machine-16x12.webp 16w\" sizes=\"auto, (max-width: 720px) 100vw, 720px\" \/><figcaption class=\"wp-element-caption\">m\u00e1quina de corte de fibra<\/figcaption><\/figure>    <figure class=\"wp-block-image size-large\"><img loading=\"lazy\" decoding=\"async\" width=\"720\" height=\"527\" data-id=\"4425\" src=\"https:\/\/shuliyrecycling.com\/wp-content\/uploads\/2025\/06\/waste-cloth-cutting-machine.webp\" alt=\"m\u00e1quina de corte de tela desperdiciada\" class=\"wp-image-4425\" srcset=\"https:\/\/shuliyrecycling.com\/wp-content\/uploads\/2025\/06\/waste-cloth-cutting-machine.webp 720w, https:\/\/shuliyrecycling.com\/wp-content\/uploads\/2025\/06\/waste-cloth-cutting-machine-480x351.webp 480w, https:\/\/shuliyrecycling.com\/wp-content\/uploads\/2025\/06\/waste-cloth-cutting-machine-16x12.webp 16w\" sizes=\"auto, (max-width: 720px) 100vw, 720px\" \/><figcaption class=\"wp-element-caption\">m\u00e1quina de corte de tela desperdiciada<\/figcaption><\/figure> <\/figure>    <h2 class=\"wp-block-heading\">La floreciente industria del reciclaje de fibra<\/h2>    <p>A medida que los desechos textiles globales aumentan, la industria del reciclaje de fibras est\u00e1 ganando impulso. Cada vez m\u00e1s fabricantes est\u00e1n convirtiendo la tela desechada en productos rentables. Con una m\u00e1quina de corte de tela desechada confiable, las empresas pueden procesar los restos de tela en fibras reutilizables, desbloqueando beneficios econ\u00f3micos y ambientales.<\/p>    <p class=\"translation-block\">Esta industria en crecimiento ofrece rendimientos atractivos: plantas de reciclaje bien equipadas pueden disfrutar de <strong>m\u00e1rgenes brutos de ganancia del 25\u201340%<\/strong> convirtiendo residuos textiles en materiales de relleno, paneles aislantes y m\u00e1s.<\/p>    <h2 class=\"wp-block-heading\">Casos de aplicaci\u00f3n en todo el mundo<\/h2>    <figure class=\"wp-block-gallery has-nested-images columns-default is-cropped wp-block-gallery-5 is-layout-flex wp-block-gallery-is-layout-flex\"> <figure class=\"wp-block-image size-large\"><img loading=\"lazy\" decoding=\"async\" width=\"720\" height=\"540\" data-id=\"4424\" src=\"https:\/\/shuliyrecycling.com\/wp-content\/uploads\/2025\/06\/waste-cloth-cutting-machine-loaded-for-shipping.webp\" alt=\"m\u00e1quina de corte de tela desechada cargada para env\u00edo\" class=\"wp-image-4424\" srcset=\"https:\/\/shuliyrecycling.com\/wp-content\/uploads\/2025\/06\/waste-cloth-cutting-machine-loaded-for-shipping.webp 720w, https:\/\/shuliyrecycling.com\/wp-content\/uploads\/2025\/06\/waste-cloth-cutting-machine-loaded-for-shipping-480x360.webp 480w, https:\/\/shuliyrecycling.com\/wp-content\/uploads\/2025\/06\/waste-cloth-cutting-machine-loaded-for-shipping-150x113.webp 150w, https:\/\/shuliyrecycling.com\/wp-content\/uploads\/2025\/06\/waste-cloth-cutting-machine-loaded-for-shipping-16x12.webp 16w\" sizes=\"auto, (max-width: 720px) 100vw, 720px\" \/><figcaption class=\"wp-element-caption\">m\u00e1quina de corte de tela desechada cargada para env\u00edo<\/figcaption><\/figure>    <figure class=\"wp-block-image size-large\"><img loading=\"lazy\" decoding=\"async\" width=\"720\" height=\"405\" data-id=\"4419\" src=\"https:\/\/shuliyrecycling.com\/wp-content\/uploads\/2025\/06\/fiber-cutting-machine-actual-working-scene1-720x405.webp\" alt=\"escena de trabajo real de la m\u00e1quina de corte de fibra1\" class=\"wp-image-4419\" srcset=\"https:\/\/shuliyrecycling.com\/wp-content\/uploads\/2025\/06\/fiber-cutting-machine-actual-working-scene1-720x405.webp 720w, https:\/\/shuliyrecycling.com\/wp-content\/uploads\/2025\/06\/fiber-cutting-machine-actual-working-scene1-480x270.webp 480w, https:\/\/shuliyrecycling.com\/wp-content\/uploads\/2025\/06\/fiber-cutting-machine-actual-working-scene1-768x432.webp 768w, https:\/\/shuliyrecycling.com\/wp-content\/uploads\/2025\/06\/fiber-cutting-machine-actual-working-scene1-18x10.webp 18w, https:\/\/shuliyrecycling.com\/wp-content\/uploads\/2025\/06\/fiber-cutting-machine-actual-working-scene1.webp 1280w\" sizes=\"auto, (max-width: 720px) 100vw, 720px\" \/><figcaption class=\"wp-element-caption\">escena de trabajo real de la m\u00e1quina de corte de fibra1<\/figcaption><\/figure>    <figure class=\"wp-block-image size-large\"><img loading=\"lazy\" decoding=\"async\" width=\"663\" height=\"540\" data-id=\"4418\" src=\"https:\/\/shuliyrecycling.com\/wp-content\/uploads\/2025\/06\/feedback-about-fiber-cutting-machine1-663x540.webp\" alt=\"comentarios sobre la m\u00e1quina de corte de fibra\" class=\"wp-image-4418\" srcset=\"https:\/\/shuliyrecycling.com\/wp-content\/uploads\/2025\/06\/feedback-about-fiber-cutting-machine1-663x540.webp 663w, https:\/\/shuliyrecycling.com\/wp-content\/uploads\/2025\/06\/feedback-about-fiber-cutting-machine1-442x360.webp 442w, https:\/\/shuliyrecycling.com\/wp-content\/uploads\/2025\/06\/feedback-about-fiber-cutting-machine1-768x626.webp 768w, https:\/\/shuliyrecycling.com\/wp-content\/uploads\/2025\/06\/feedback-about-fiber-cutting-machine1-15x12.webp 15w, https:\/\/shuliyrecycling.com\/wp-content\/uploads\/2025\/06\/feedback-about-fiber-cutting-machine1.webp 949w\" sizes=\"auto, (max-width: 663px) 100vw, 663px\" \/><figcaption class=\"wp-element-caption\">comentarios sobre la m\u00e1quina de corte de fibra<\/figcaption><\/figure> <\/figure>    <h2 class=\"wp-block-heading\">\u00bfPor qu\u00e9 elegir la m\u00e1quina de corte de tela de algod\u00f3n de desecho de Shuliy?<\/h2>    <p>Con m\u00e1s de 15 a\u00f1os de experiencia, Shuliy es un fabricante de confianza de m\u00e1quinas de corte de tela para reciclaje. Ofrecemos:<\/p>    <ul class=\"wp-block-list\"> <li>Rendimiento confiable y certificaci\u00f3n CE<\/li>    <li>Precios competitivos con ventas directas de f\u00e1brica<\/li>    <li>Entrega global y soporte t\u00e9cnico en l\u00ednea<\/li>    <li>Personalizaci\u00f3n de m\u00e1quinas adaptada a tus materiales<\/li> <\/ul>    <p>Si est\u00e1s interesado en el negocio de reciclaje de fibra, \u00a1por favor cont\u00e1ctanos para soluciones personalizadas!<\/p>","protected":false},"excerpt":{"rendered":"<p>La m\u00e1quina de corte de tela de desecho es una herramienta industrial que tritura los residuos de tela en piezas cortas y uniformes\u2026<\/p>","protected":false},"author":1,"featured_media":4423,"comment_status":"open","ping_status":"closed","sticky":false,"template":"","format":"standard","meta":{"_kad_blocks_custom_css":"","_kad_blocks_head_custom_js":"","_kad_blocks_body_custom_js":"","_kad_blocks_footer_custom_js":"","_kadence_starter_templates_imported_post":false,"_kad_post_transparent":"","_kad_post_title":"","_kad_post_layout":"","_kad_post_sidebar_id":"","_kad_post_content_style":"","_kad_post_vertical_padding":"","_kad_post_feature":"","_kad_post_feature_position":"","_kad_post_header":false,"_kad_post_footer":false,"_kad_post_classname":"","footnotes":""},"categories":[86,1],"tags":[],"class_list":["post-4410","post","type-post","status-publish","format-standard","has-post-thumbnail","hentry","category-fiber-cutter","category-recycling-equipment"],"taxonomy_info":{"category":[{"value":86,"label":"fiber cutter"},{"value":1,"label":"Recycling Equipment"}]},"featured_image_src_large":["https:\/\/shuliyrecycling.com\/wp-content\/uploads\/2025\/06\/textile-fiber-cutting-machine-540x540.webp",540,540,true],"author_info":{"display_name":"Molly Geng","author_link":"https:\/\/shuliyrecycling.com\/es\/author\/adminmolly\/"},"comment_info":0,"category_info":[{"term_id":86,"name":"fiber cutter","slug":"fiber-cutter","term_group":0,"term_taxonomy_id":86,"taxonomy":"category","description":"","parent":1,"count":2,"filter":"raw","cat_ID":86,"category_count":2,"category_description":"","cat_name":"fiber cutter","category_nicename":"fiber-cutter","category_parent":1},{"term_id":1,"name":"Recycling Equipment","slug":"recycling-equipment","term_group":0,"term_taxonomy_id":1,"taxonomy":"category","description":"","parent":0,"count":55,"filter":"raw","cat_ID":1,"category_count":55,"category_description":"","cat_name":"Recycling Equipment","category_nicename":"recycling-equipment","category_parent":0}],"tag_info":false,"_links":{"self":[{"href":"https:\/\/shuliyrecycling.com\/es\/wp-json\/wp\/v2\/posts\/4410","targetHints":{"allow":["GET"]}}],"collection":[{"href":"https:\/\/shuliyrecycling.com\/es\/wp-json\/wp\/v2\/posts"}],"about":[{"href":"https:\/\/shuliyrecycling.com\/es\/wp-json\/wp\/v2\/types\/post"}],"author":[{"embeddable":true,"href":"https:\/\/shuliyrecycling.com\/es\/wp-json\/wp\/v2\/users\/1"}],"replies":[{"embeddable":true,"href":"https:\/\/shuliyrecycling.com\/es\/wp-json\/wp\/v2\/comments?post=4410"}],"version-history":[{"count":0,"href":"https:\/\/shuliyrecycling.com\/es\/wp-json\/wp\/v2\/posts\/4410\/revisions"}],"wp:featuredmedia":[{"embeddable":true,"href":"https:\/\/shuliyrecycling.com\/es\/wp-json\/wp\/v2\/media\/4423"}],"wp:attachment":[{"href":"https:\/\/shuliyrecycling.com\/es\/wp-json\/wp\/v2\/media?parent=4410"}],"wp:term":[{"taxonomy":"category","embeddable":true,"href":"https:\/\/shuliyrecycling.com\/es\/wp-json\/wp\/v2\/categories?post=4410"},{"taxonomy":"post_tag","embeddable":true,"href":"https:\/\/shuliyrecycling.com\/es\/wp-json\/wp\/v2\/tags?post=4410"}],"curies":[{"name":"wp","href":"https:\/\/api.w.org\/{rel}","templated":true}]}}